{"id":15719,"date":"2017-11-16T08:32:36","date_gmt":"2017-11-16T07:32:36","guid":{"rendered":"http:\/\/www.botteroskiblog.com\/?p=15719"},"modified":"2020-04-21T11:42:15","modified_gmt":"2020-04-21T09:42:15","slug":"riapre-lapres-ski-vi-aspettiamo-17-novembre","status":"publish","type":"post","link":"https:\/\/www.botteroski.com\/blog\/2017\/11\/16\/riapre-lapres-ski-vi-aspettiamo-17-novembre\/","title":{"rendered":"Riapre l&#8217;Apr\u00e8s Ski: vi aspettiamo il 17 novembre"},"content":{"rendered":"<p><img class=\"aligncenter size-full wp-image-15720\" src=\"https:\/\/www.botteroski.com\/blog\/wp-content\/uploads\/2017\/11\/Riapertura-APRESSKI_BannerNewsletter2.jpg\" alt=\"Riapertura-APRESSKI_BannerNewsletter2\" width=\"1200\" height=\"700\" srcset=\"https:\/\/www.botteroski.com\/blog\/wp-content\/uploads\/2017\/11\/Riapertura-APRESSKI_BannerNewsletter2.jpg 1200w, https:\/\/www.botteroski.com\/blog\/wp-content\/uploads\/2017\/11\/Riapertura-APRESSKI_BannerNewsletter2-300x175.jpg 300w, https:\/\/www.botteroski.com\/blog\/wp-content\/uploads\/2017\/11\/Riapertura-APRESSKI_BannerNewsletter2-1024x597.jpg 1024w, https:\/\/www.botteroski.com\/blog\/wp-content\/uploads\/2017\/11\/Riapertura-APRESSKI_BannerNewsletter2-768x448.jpg 768w\" sizes=\"(max-width: 1200px) 100vw, 1200px\" \/><\/p>\n<p>Un attesissimo evento quello della riapertura dell&#8217;<strong>Apr\u00e8s Ski di Limone Piemonte<\/strong>. Dopo la pausa estiva, Rocco e la sua &#8220;ciurma&#8221; sono lieti di deliziarvi con le specialit\u00e0 locali. Vi aspettiamo, da venerd\u00ec 17 novembre, per l acolazione, il pranzo e, ovviamente, l&#8217;apr\u00e8s ski!<\/p>\n<p>Per maggiori info <a href=\"https:\/\/www.facebook.com\/apresskibo\/\" target=\"_blank\" rel=\"noopener noreferrer\">visita la pagina facebook<\/a>.<\/p>\n","protected":false},"excerpt":{"rendered":"<p>Un attesissimo evento quello della riapertura dell&#8217;Apr\u00e8s Ski di Limone Piemonte. Dopo la pausa estiva, Rocco e la sua &#8220;ciurma&#8221; sono lieti di deliziarvi con le specialit\u00e0 locali. Vi aspettiamo, da venerd\u00ec 17 novembre, per l acolazione, il pranzo e, ovviamente, l&#8217;apr\u00e8s ski! Per maggiori info visita la pagina facebook.<\/p>\n","protected":false},"author":2,"featured_media":15720,"comment_status":"open","ping_status":"open","sticky":false,"template":"","format":"standard","meta":[],"categories":[2],"tags":[],"yoast_head":"<!-- This site is optimized with the Yoast SEO plugin v17.6 - https:\/\/yoast.com\/wordpress\/plugins\/seo\/ -->\n<title>Riapre l&#039;Apr\u00e8s Ski: vi aspettiamo il 17 novembre - Bottero Ski Blog<\/title>\n<meta name=\"description\" content=\"Riapertura dell&#039;Apr\u00e8s Ski di Limone Piemonte: Rocco e la sua &quot;ciurma&quot; sono lieti di deliziarvi con le specialit\u00e0 locali dal 17 novembre.\" \/>\n<meta name=\"robots\" content=\"index, follow, max-snippet:-1, max-image-preview:large, max-video-preview:-1\" \/>\n<link rel=\"canonical\" href=\"https:\/\/www.botteroski.com\/blog\/2017\/11\/16\/riapre-lapres-ski-vi-aspettiamo-17-novembre\/\" \/>\n<meta property=\"og:locale\" content=\"it_IT\" \/>\n<meta property=\"og:type\" content=\"article\" \/>\n<meta property=\"og:title\" content=\"Riapre l&#039;Apr\u00e8s Ski: vi aspettiamo il 17 novembre - Bottero Ski Blog\" \/>\n<meta property=\"og:description\" content=\"Riapertura dell&#039;Apr\u00e8s Ski di Limone Piemonte: Rocco e la sua &quot;ciurma&quot; sono lieti di deliziarvi con le specialit\u00e0 locali dal 17 novembre.\" \/>\n<meta property=\"og:url\" content=\"https:\/\/www.botteroski.com\/blog\/2017\/11\/16\/riapre-lapres-ski-vi-aspettiamo-17-novembre\/\" \/>\n<meta property=\"og:site_name\" content=\"Bottero Ski Blog\" \/>\n<meta property=\"article:publisher\" content=\"https:\/\/www.facebook.com\/botteroski\/\" \/>\n<meta property=\"article:published_time\" content=\"2017-11-16T07:32:36+00:00\" \/>\n<meta property=\"article:modified_time\" content=\"2020-04-21T09:42:15+00:00\" \/>\n<meta property=\"og:image\" content=\"https:\/\/www.botteroski.com\/blog\/wp-content\/uploads\/2017\/11\/Riapertura-APRESSKI_BannerNewsletter2.jpg\" \/>\n\t<meta property=\"og:image:width\" content=\"1200\" \/>\n\t<meta property=\"og:image:height\" content=\"700\" \/>\n<meta name=\"twitter:card\" content=\"summary_large_image\" \/>\n<meta name=\"twitter:label1\" content=\"Scritto da\" \/>\n\t<meta name=\"twitter:data1\" content=\"Redazione\" \/>\n<script type=\"application\/ld+json\" class=\"yoast-schema-graph\">{\"@context\":\"https:\/\/schema.org\",\"@graph\":[{\"@type\":\"WebSite\",\"@id\":\"https:\/\/www.botteroski.com\/blog\/#website\",\"url\":\"https:\/\/www.botteroski.com\/blog\/\",\"name\":\"Bottero Ski Blog\",\"description\":\"News, curiosit\\u00e0 e consigli dal mondo Botteroski!\",\"potentialAction\":[{\"@type\":\"SearchAction\",\"target\":{\"@type\":\"EntryPoint\",\"urlTemplate\":\"https:\/\/www.botteroski.com\/blog\/?s={search_term_string}\"},\"query-input\":\"required name=search_term_string\"}],\"inLanguage\":\"it-IT\"},{\"@type\":\"ImageObject\",\"@id\":\"https:\/\/www.botteroski.com\/blog\/2017\/11\/16\/riapre-lapres-ski-vi-aspettiamo-17-novembre\/#primaryimage\",\"inLanguage\":\"it-IT\",\"url\":\"https:\/\/www.botteroski.com\/blog\/wp-content\/uploads\/2017\/11\/Riapertura-APRESSKI_BannerNewsletter2.jpg\",\"contentUrl\":\"https:\/\/www.botteroski.com\/blog\/wp-content\/uploads\/2017\/11\/Riapertura-APRESSKI_BannerNewsletter2.jpg\",\"width\":1200,\"height\":700},{\"@type\":\"WebPage\",\"@id\":\"https:\/\/www.botteroski.com\/blog\/2017\/11\/16\/riapre-lapres-ski-vi-aspettiamo-17-novembre\/#webpage\",\"url\":\"https:\/\/www.botteroski.com\/blog\/2017\/11\/16\/riapre-lapres-ski-vi-aspettiamo-17-novembre\/\",\"name\":\"Riapre l'Apr\\u00e8s Ski: vi aspettiamo il 17 novembre - Bottero Ski Blog\",\"isPartOf\":{\"@id\":\"https:\/\/www.botteroski.com\/blog\/#website\"},\"primaryImageOfPage\":{\"@id\":\"https:\/\/www.botteroski.com\/blog\/2017\/11\/16\/riapre-lapres-ski-vi-aspettiamo-17-novembre\/#primaryimage\"},\"datePublished\":\"2017-11-16T07:32:36+00:00\",\"dateModified\":\"2020-04-21T09:42:15+00:00\",\"author\":{\"@id\":\"https:\/\/www.botteroski.com\/blog\/#\/schema\/person\/2fc93067bf592038a7e9d5e3888ac01b\"},\"description\":\"Riapertura dell'Apr\\u00e8s Ski di Limone Piemonte: Rocco e la sua \\\"ciurma\\\" sono lieti di deliziarvi con le specialit\\u00e0 locali dal 17 novembre.\",\"breadcrumb\":{\"@id\":\"https:\/\/www.botteroski.com\/blog\/2017\/11\/16\/riapre-lapres-ski-vi-aspettiamo-17-novembre\/#breadcrumb\"},\"inLanguage\":\"it-IT\",\"potentialAction\":[{\"@type\":\"ReadAction\",\"target\":[\"https:\/\/www.botteroski.com\/blog\/2017\/11\/16\/riapre-lapres-ski-vi-aspettiamo-17-novembre\/\"]}]},{\"@type\":\"BreadcrumbList\",\"@id\":\"https:\/\/www.botteroski.com\/blog\/2017\/11\/16\/riapre-lapres-ski-vi-aspettiamo-17-novembre\/#breadcrumb\",\"itemListElement\":[{\"@type\":\"ListItem\",\"position\":1,\"name\":\"Bottero Ski Blog\",\"item\":\"https:\/\/www.botteroski.com\/blog\/\"},{\"@type\":\"ListItem\",\"position\":2,\"name\":\"Apr\\u00e8s Ski\",\"item\":\"https:\/\/www.botteroski.com\/blog\/apres-ski-2\/\"},{\"@type\":\"ListItem\",\"position\":3,\"name\":\"Riapre l&#8217;Apr\\u00e8s Ski: vi aspettiamo il 17 novembre\"}]},{\"@type\":\"Person\",\"@id\":\"https:\/\/www.botteroski.com\/blog\/#\/schema\/person\/2fc93067bf592038a7e9d5e3888ac01b\",\"name\":\"Redazione\",\"image\":{\"@type\":\"ImageObject\",\"@id\":\"https:\/\/www.botteroski.com\/blog\/#personlogo\",\"inLanguage\":\"it-IT\",\"url\":\"http:\/\/2.gravatar.com\/avatar\/8a6fa094866616b6f09f982bcb295c0a?s=96&d=wp_user_avatar&r=g\",\"contentUrl\":\"http:\/\/2.gravatar.com\/avatar\/8a6fa094866616b6f09f982bcb295c0a?s=96&d=wp_user_avatar&r=g\",\"caption\":\"Redazione\"}}]}<\/script>\n<!-- \/ Yoast SEO plugin. -->","yoast_head_json":{"title":"Riapre l'Apr\u00e8s Ski: vi aspettiamo il 17 novembre - Bottero Ski Blog","description":"Riapertura dell'Apr\u00e8s Ski di Limone Piemonte: Rocco e la sua \"ciurma\" sono lieti di deliziarvi con le specialit\u00e0 locali dal 17 novembre.","robots":{"index":"index","follow":"follow","max-snippet":"max-snippet:-1","max-image-preview":"max-image-preview:large","max-video-preview":"max-video-preview:-1"},"canonical":"https:\/\/www.botteroski.com\/blog\/2017\/11\/16\/riapre-lapres-ski-vi-aspettiamo-17-novembre\/","og_locale":"it_IT","og_type":"article","og_title":"Riapre l'Apr\u00e8s Ski: vi aspettiamo il 17 novembre - Bottero Ski Blog","og_description":"Riapertura dell'Apr\u00e8s Ski di Limone Piemonte: Rocco e la sua \"ciurma\" sono lieti di deliziarvi con le specialit\u00e0 locali dal 17 novembre.","og_url":"https:\/\/www.botteroski.com\/blog\/2017\/11\/16\/riapre-lapres-ski-vi-aspettiamo-17-novembre\/","og_site_name":"Bottero Ski Blog","article_publisher":"https:\/\/www.facebook.com\/botteroski\/","article_published_time":"2017-11-16T07:32:36+00:00","article_modified_time":"2020-04-21T09:42:15+00:00","og_image":[{"width":1200,"height":700,"url":"https:\/\/www.botteroski.com\/blog\/wp-content\/uploads\/2017\/11\/Riapertura-APRESSKI_BannerNewsletter2.jpg","type":"image\/jpeg"}],"twitter_card":"summary_large_image","twitter_misc":{"Scritto da":"Redazione"},"schema":{"@context":"https:\/\/schema.org","@graph":[{"@type":"WebSite","@id":"https:\/\/www.botteroski.com\/blog\/#website","url":"https:\/\/www.botteroski.com\/blog\/","name":"Bottero Ski Blog","description":"News, curiosit\u00e0 e consigli dal mondo Botteroski!","potentialAction":[{"@type":"SearchAction","target":{"@type":"EntryPoint","urlTemplate":"https:\/\/www.botteroski.com\/blog\/?s={search_term_string}"},"query-input":"required name=search_term_string"}],"inLanguage":"it-IT"},{"@type":"ImageObject","@id":"https:\/\/www.botteroski.com\/blog\/2017\/11\/16\/riapre-lapres-ski-vi-aspettiamo-17-novembre\/#primaryimage","inLanguage":"it-IT","url":"https:\/\/www.botteroski.com\/blog\/wp-content\/uploads\/2017\/11\/Riapertura-APRESSKI_BannerNewsletter2.jpg","contentUrl":"https:\/\/www.botteroski.com\/blog\/wp-content\/uploads\/2017\/11\/Riapertura-APRESSKI_BannerNewsletter2.jpg","width":1200,"height":700},{"@type":"WebPage","@id":"https:\/\/www.botteroski.com\/blog\/2017\/11\/16\/riapre-lapres-ski-vi-aspettiamo-17-novembre\/#webpage","url":"https:\/\/www.botteroski.com\/blog\/2017\/11\/16\/riapre-lapres-ski-vi-aspettiamo-17-novembre\/","name":"Riapre l'Apr\u00e8s Ski: vi aspettiamo il 17 novembre - Bottero Ski Blog","isPartOf":{"@id":"https:\/\/www.botteroski.com\/blog\/#website"},"primaryImageOfPage":{"@id":"https:\/\/www.botteroski.com\/blog\/2017\/11\/16\/riapre-lapres-ski-vi-aspettiamo-17-novembre\/#primaryimage"},"datePublished":"2017-11-16T07:32:36+00:00","dateModified":"2020-04-21T09:42:15+00:00","author":{"@id":"https:\/\/www.botteroski.com\/blog\/#\/schema\/person\/2fc93067bf592038a7e9d5e3888ac01b"},"description":"Riapertura dell'Apr\u00e8s Ski di Limone Piemonte: Rocco e la sua \"ciurma\" sono lieti di deliziarvi con le specialit\u00e0 locali dal 17 novembre.","breadcrumb":{"@id":"https:\/\/www.botteroski.com\/blog\/2017\/11\/16\/riapre-lapres-ski-vi-aspettiamo-17-novembre\/#breadcrumb"},"inLanguage":"it-IT","potentialAction":[{"@type":"ReadAction","target":["https:\/\/www.botteroski.com\/blog\/2017\/11\/16\/riapre-lapres-ski-vi-aspettiamo-17-novembre\/"]}]},{"@type":"BreadcrumbList","@id":"https:\/\/www.botteroski.com\/blog\/2017\/11\/16\/riapre-lapres-ski-vi-aspettiamo-17-novembre\/#breadcrumb","itemListElement":[{"@type":"ListItem","position":1,"name":"Bottero Ski Blog","item":"https:\/\/www.botteroski.com\/blog\/"},{"@type":"ListItem","position":2,"name":"Apr\u00e8s Ski","item":"https:\/\/www.botteroski.com\/blog\/apres-ski-2\/"},{"@type":"ListItem","position":3,"name":"Riapre l&#8217;Apr\u00e8s Ski: vi aspettiamo il 17 novembre"}]},{"@type":"Person","@id":"https:\/\/www.botteroski.com\/blog\/#\/schema\/person\/2fc93067bf592038a7e9d5e3888ac01b","name":"Redazione","image":{"@type":"ImageObject","@id":"https:\/\/www.botteroski.com\/blog\/#personlogo","inLanguage":"it-IT","url":"http:\/\/2.gravatar.com\/avatar\/8a6fa094866616b6f09f982bcb295c0a?s=96&d=wp_user_avatar&r=g","contentUrl":"http:\/\/2.gravatar.com\/avatar\/8a6fa094866616b6f09f982bcb295c0a?s=96&d=wp_user_avatar&r=g","caption":"Redazione"}}]}},"_links":{"self":[{"href":"https:\/\/www.botteroski.com\/blog\/wp-json\/wp\/v2\/posts\/15719"}],"collection":[{"href":"https:\/\/www.botteroski.com\/blog\/wp-json\/wp\/v2\/posts"}],"about":[{"href":"https:\/\/www.botteroski.com\/blog\/wp-json\/wp\/v2\/types\/post"}],"author":[{"embeddable":true,"href":"https:\/\/www.botteroski.com\/blog\/wp-json\/wp\/v2\/users\/2"}],"replies":[{"embeddable":true,"href":"https:\/\/www.botteroski.com\/blog\/wp-json\/wp\/v2\/comments?post=15719"}],"version-history":[{"count":1,"href":"https:\/\/www.botteroski.com\/blog\/wp-json\/wp\/v2\/posts\/15719\/revisions"}],"predecessor-version":[{"id":21437,"href":"https:\/\/www.botteroski.com\/blog\/wp-json\/wp\/v2\/posts\/15719\/revisions\/21437"}],"wp:featuredmedia":[{"embeddable":true,"href":"https:\/\/www.botteroski.com\/blog\/wp-json\/wp\/v2\/media\/15720"}],"wp:attachment":[{"href":"https:\/\/www.botteroski.com\/blog\/wp-json\/wp\/v2\/media?parent=15719"}],"wp:term":[{"taxonomy":"category","embeddable":true,"href":"https:\/\/www.botteroski.com\/blog\/wp-json\/wp\/v2\/categories?post=15719"},{"taxonomy":"post_tag","embeddable":true,"href":"https:\/\/www.botteroski.com\/blog\/wp-json\/wp\/v2\/tags?post=15719"}],"curies":[{"name":"wp","href":"https:\/\/api.w.org\/{rel}","templated":true}]}}