{"id":1707,"date":"2015-01-23T11:31:49","date_gmt":"2015-01-23T11:31:49","guid":{"rendered":"http:\/\/botteroskiblog.com\/?p=1707"},"modified":"2020-04-21T11:42:46","modified_gmt":"2020-04-21T09:42:46","slug":"10-febbraio-alle-ore-18-moda-sci-a-montecarlo-bottero-ski-sfila-allo-stars-and-bar","status":"publish","type":"post","link":"https:\/\/www.botteroski.com\/blog\/2015\/01\/23\/10-febbraio-alle-ore-18-moda-sci-a-montecarlo-bottero-ski-sfila-allo-stars-and-bar\/","title":{"rendered":"10 Febbraio alle ore 18 Moda sci a Montecarlo: Bottero Ski sfila allo Stars and Bar"},"content":{"rendered":"<p><img src=\"https:\/\/scontent-a-mxp.xx.fbcdn.net\/hphotos-xfa1\/v\/t1.0-9\/10934003_10152700341511297_3618340009889775576_n.jpg?oh=fd6f3528bee464ac7640bb528667943f&amp;oe=556476CA\" alt=\"\" \/><\/p>\n<p>Non perdere la sfilata dello sci che Bottero Ski presenta marted\u00ec 10 febbraio a partire dalle ore 18 presso lo Star Deck di\u00a0Monaco, in occasione dell&#8217;aperitivo organizzato da <strong><a title=\"Realitalia\" href=\"http:\/\/www.realitalia.co.uk\/it\">Realitalia<\/a>\u00a0<\/strong><strong>la Societa\u2019 inglese che progetta e promuove le Case per il Piacere di Vivere\u00a0e lo ha fatto a Limone, insieme a Fantino Costruzioni SPA, con 3 splendidi chalets sulle piste<\/strong><\/p>\n<p><img src=\"http:\/\/www.realitalia.co.uk\/images\/phocagallery\/thumbs\/phoca_thumb_m_dsc_0142and8more_fused.jpg\" alt=\"Mountain day area and lounge - ski-in &amp; ski-out chalet, Limone\" \/>\u00a0<img src=\"http:\/\/www.realitalia.co.uk\/images\/phocagallery\/thumbs\/phoca_thumb_m_chale2_16.jpeg\" alt=\"Mountain kitchen - ski-in &amp; ski-out chalets, Limone\" \/>\u00a0<img src=\"http:\/\/www.realitalia.co.uk\/images\/phocagallery\/thumbs\/phoca_thumb_m_chale2_20.jpeg\" alt=\"Mountain SPA - ski-in &amp; ski-out chalets, Limone\" \/>\u00a0<img src=\"http:\/\/www.realitalia.co.uk\/images\/phocagallery\/thumbs\/phoca_thumb_m_dsc_0203and8more_fused.jpg\" alt=\"Mountain master area - ski-in &amp; ski-out chalet, Limone\" \/><\/p>\n<h3>La sfilata si concentrer\u00e0 su capi da sci di alta qualit\u00e0 rivolti ad un pubblico esigente e alla ricerca di escusivit\u00e0.<\/h3>\n<p>&nbsp;<\/p>\n<h3>Quali marchi sfilano?<br \/>\n<a href=\"http:\/\/www.botteroski.com\/Negozio\/Scripts\/prodList.asp?relatedKeys=BOGNER\" target=\"_blank\" rel=\"noopener noreferrer\"><img class=\"aligncenter\" title=\"bogner \" src=\"https:\/\/fbcdn-sphotos-b-a.akamaihd.net\/hphotos-ak-prn2\/v\/t1.0-9\/10660244_10152698666571297_7706484776758840707_n.jpg?oh=dd15515ce0c16e3852a16fb747aac832&amp;oe=555AEDD8&amp;__gda__=1428557915_040290d7154a61925c27b611fc398963\" alt=\"\" width=\"500\" height=\"500\" \/><\/a><\/h3>\n<p><strong>Bogner<\/strong>: il numero uno per gli amanti del lusso nello sci.<\/p>\n<p><img class=\" aligncenter\" src=\"https:\/\/fbcdn-sphotos-f-a.akamaihd.net\/hphotos-ak-xfp1\/v\/t1.0-9\/10923648_10152698666921297_5378483832306122656_n.jpg?oh=c3027d17c405fe093394110a2dd4c279&amp;oe=552CB887&amp;__gda__=1432681442_cb88bb8b926c76b5905a9277e880090a\" alt=\"\" width=\"500\" height=\"500\" \/><\/p>\n<p><strong>Castel Bajac:<\/strong> la linea realizzata dall&#8217;estroso stilista francese.<\/p>\n<p><img class=\"aligncenter\" src=\"https:\/\/scontent-a-mxp.xx.fbcdn.net\/hphotos-xpf1\/v\/t1.0-9\/10929146_10152698667146297_3960811278224013819_n.jpg?oh=2a77965369fb0983879c58e44fa8e22b&amp;oe=55219CA8\" alt=\"\" width=\"822\" height=\"430\" \/><\/p>\n<p><strong>Picture<\/strong>: marchio giovane e di grande tendenza\u00a0realizzata con tessuti prodotti nel totale rispetto della natura.<\/p>\n<p>E poi Spyder, Phenix, Toni Sailer, Zero rh e&#8230;non finisce qui.<\/p>\n<p><strong>Ti aspettiamo!!!<\/strong><\/p>\n<p>&nbsp;<\/p>\n<p><span style=\"border-radius: 2px; text-indent: 20px; width: auto; padding: 0px 4px 0px 0px; text-align: center; font: bold 11px\/20px 'Helvetica Neue',Helvetica,sans-serif; color: #ffffff; background: #bd081c  no-repeat scroll 3px 50% \/ 14px 14px; position: absolute; opacity: 1; z-index: 8675309; display: none; cursor: pointer;\">Salva<\/span><\/p>\n","protected":false},"excerpt":{"rendered":"<p>Non perdere la sfilata dello sci che Bottero Ski presenta marted\u00ec 10 febbraio a partire dalle ore 18 presso lo Star Deck di\u00a0Monaco, in occasione dell&#8217;aperitivo organizzato da Realitalia\u00a0la Societa\u2019 inglese che progetta e promuove le Case per il Piacere di Vivere\u00a0e lo ha fatto a Limone, insieme a Fantino Costruzioni SPA, con 3 splendidi&#8230;<\/p>\n","protected":false},"author":2,"featured_media":0,"comment_status":"open","ping_status":"open","sticky":false,"template":"","format":"standard","meta":[],"categories":[6,8],"tags":[48,116,378,521,553,554],"yoast_head":"<!-- This site is optimized with the Yoast SEO plugin v17.6 - https:\/\/yoast.com\/wordpress\/plugins\/seo\/ -->\n<title>10 Febbraio alle ore 18 Moda sci a Montecarlo: Bottero Ski sfila allo Stars and Bar - Bottero Ski Blog<\/title>\n<meta name=\"robots\" content=\"index, follow, max-snippet:-1, max-image-preview:large, max-video-preview:-1\" \/>\n<link rel=\"canonical\" href=\"https:\/\/www.botteroski.com\/blog\/2015\/01\/23\/10-febbraio-alle-ore-18-moda-sci-a-montecarlo-bottero-ski-sfila-allo-stars-and-bar\/\" \/>\n<meta property=\"og:locale\" content=\"it_IT\" \/>\n<meta property=\"og:type\" content=\"article\" \/>\n<meta property=\"og:title\" content=\"10 Febbraio alle ore 18 Moda sci a Montecarlo: Bottero Ski sfila allo Stars and Bar - Bottero Ski Blog\" \/>\n<meta property=\"og:description\" content=\"Non perdere la sfilata dello sci che Bottero Ski presenta marted\u00ec 10 febbraio a partire dalle ore 18 presso lo Star Deck di\u00a0Monaco, in occasione dell&#8217;aperitivo organizzato da Realitalia\u00a0la Societa\u2019 inglese che progetta e promuove le Case per il Piacere di Vivere\u00a0e lo ha fatto a Limone, insieme a Fantino Costruzioni SPA, con 3 splendidi...\" \/>\n<meta property=\"og:url\" content=\"https:\/\/www.botteroski.com\/blog\/2015\/01\/23\/10-febbraio-alle-ore-18-moda-sci-a-montecarlo-bottero-ski-sfila-allo-stars-and-bar\/\" \/>\n<meta property=\"og:site_name\" content=\"Bottero Ski Blog\" \/>\n<meta property=\"article:publisher\" content=\"https:\/\/www.facebook.com\/botteroski\/\" \/>\n<meta property=\"article:published_time\" content=\"2015-01-23T11:31:49+00:00\" \/>\n<meta property=\"article:modified_time\" content=\"2020-04-21T09:42:46+00:00\" \/>\n<meta property=\"og:image\" content=\"https:\/\/scontent-a-mxp.xx.fbcdn.net\/hphotos-xfa1\/v\/t1.0-9\/10934003_10152700341511297_3618340009889775576_n.jpg?oh=fd6f3528bee464ac7640bb528667943f&#038;oe=556476CA\" \/>\n<meta name=\"twitter:card\" content=\"summary_large_image\" \/>\n<meta name=\"twitter:label1\" content=\"Scritto da\" \/>\n\t<meta name=\"twitter:data1\" content=\"Redazione\" \/>\n\t<meta name=\"twitter:label2\" content=\"Tempo di lettura stimato\" \/>\n\t<meta name=\"twitter:data2\" content=\"1 minuto\" \/>\n<script type=\"application\/ld+json\" class=\"yoast-schema-graph\">{\"@context\":\"https:\/\/schema.org\",\"@graph\":[{\"@type\":\"WebSite\",\"@id\":\"https:\/\/www.botteroski.com\/blog\/#website\",\"url\":\"https:\/\/www.botteroski.com\/blog\/\",\"name\":\"Bottero Ski Blog\",\"description\":\"News, curiosit\\u00e0 e consigli dal mondo Botteroski!\",\"potentialAction\":[{\"@type\":\"SearchAction\",\"target\":{\"@type\":\"EntryPoint\",\"urlTemplate\":\"https:\/\/www.botteroski.com\/blog\/?s={search_term_string}\"},\"query-input\":\"required name=search_term_string\"}],\"inLanguage\":\"it-IT\"},{\"@type\":\"ImageObject\",\"@id\":\"https:\/\/www.botteroski.com\/blog\/2015\/01\/23\/10-febbraio-alle-ore-18-moda-sci-a-montecarlo-bottero-ski-sfila-allo-stars-and-bar\/#primaryimage\",\"inLanguage\":\"it-IT\",\"url\":\"https:\/\/scontent-a-mxp.xx.fbcdn.net\/hphotos-xfa1\/v\/t1.0-9\/10934003_10152700341511297_3618340009889775576_n.jpg?oh=fd6f3528bee464ac7640bb528667943f&amp;oe=556476CA\",\"contentUrl\":\"https:\/\/scontent-a-mxp.xx.fbcdn.net\/hphotos-xfa1\/v\/t1.0-9\/10934003_10152700341511297_3618340009889775576_n.jpg?oh=fd6f3528bee464ac7640bb528667943f&amp;oe=556476CA\"},{\"@type\":\"WebPage\",\"@id\":\"https:\/\/www.botteroski.com\/blog\/2015\/01\/23\/10-febbraio-alle-ore-18-moda-sci-a-montecarlo-bottero-ski-sfila-allo-stars-and-bar\/#webpage\",\"url\":\"https:\/\/www.botteroski.com\/blog\/2015\/01\/23\/10-febbraio-alle-ore-18-moda-sci-a-montecarlo-bottero-ski-sfila-allo-stars-and-bar\/\",\"name\":\"10 Febbraio alle ore 18 Moda sci a Montecarlo: Bottero Ski sfila allo Stars and Bar - Bottero Ski Blog\",\"isPartOf\":{\"@id\":\"https:\/\/www.botteroski.com\/blog\/#website\"},\"primaryImageOfPage\":{\"@id\":\"https:\/\/www.botteroski.com\/blog\/2015\/01\/23\/10-febbraio-alle-ore-18-moda-sci-a-montecarlo-bottero-ski-sfila-allo-stars-and-bar\/#primaryimage\"},\"datePublished\":\"2015-01-23T11:31:49+00:00\",\"dateModified\":\"2020-04-21T09:42:46+00:00\",\"author\":{\"@id\":\"https:\/\/www.botteroski.com\/blog\/#\/schema\/person\/2fc93067bf592038a7e9d5e3888ac01b\"},\"breadcrumb\":{\"@id\":\"https:\/\/www.botteroski.com\/blog\/2015\/01\/23\/10-febbraio-alle-ore-18-moda-sci-a-montecarlo-bottero-ski-sfila-allo-stars-and-bar\/#breadcrumb\"},\"inLanguage\":\"it-IT\",\"potentialAction\":[{\"@type\":\"ReadAction\",\"target\":[\"https:\/\/www.botteroski.com\/blog\/2015\/01\/23\/10-febbraio-alle-ore-18-moda-sci-a-montecarlo-bottero-ski-sfila-allo-stars-and-bar\/\"]}]},{\"@type\":\"BreadcrumbList\",\"@id\":\"https:\/\/www.botteroski.com\/blog\/2015\/01\/23\/10-febbraio-alle-ore-18-moda-sci-a-montecarlo-bottero-ski-sfila-allo-stars-and-bar\/#breadcrumb\",\"itemListElement\":[{\"@type\":\"ListItem\",\"position\":1,\"name\":\"Bottero Ski Blog\",\"item\":\"https:\/\/www.botteroski.com\/blog\/\"},{\"@type\":\"ListItem\",\"position\":2,\"name\":\"Bottero Ski Borgo 2000\",\"item\":\"https:\/\/www.botteroski.com\/blog\/bottero-ski-borgo-2000\/\"},{\"@type\":\"ListItem\",\"position\":3,\"name\":\"10 Febbraio alle ore 18 Moda sci a Montecarlo: Bottero Ski sfila allo Stars and Bar\"}]},{\"@type\":\"Person\",\"@id\":\"https:\/\/www.botteroski.com\/blog\/#\/schema\/person\/2fc93067bf592038a7e9d5e3888ac01b\",\"name\":\"Redazione\",\"image\":{\"@type\":\"ImageObject\",\"@id\":\"https:\/\/www.botteroski.com\/blog\/#personlogo\",\"inLanguage\":\"it-IT\",\"url\":\"https:\/\/secure.gravatar.com\/avatar\/8a6fa094866616b6f09f982bcb295c0a?s=96&d=wp_user_avatar&r=g\",\"contentUrl\":\"https:\/\/secure.gravatar.com\/avatar\/8a6fa094866616b6f09f982bcb295c0a?s=96&d=wp_user_avatar&r=g\",\"caption\":\"Redazione\"}}]}<\/script>\n<!-- \/ Yoast SEO plugin. -->","yoast_head_json":{"title":"10 Febbraio alle ore 18 Moda sci a Montecarlo: Bottero Ski sfila allo Stars and Bar - Bottero Ski Blog","robots":{"index":"index","follow":"follow","max-snippet":"max-snippet:-1","max-image-preview":"max-image-preview:large","max-video-preview":"max-video-preview:-1"},"canonical":"https:\/\/www.botteroski.com\/blog\/2015\/01\/23\/10-febbraio-alle-ore-18-moda-sci-a-montecarlo-bottero-ski-sfila-allo-stars-and-bar\/","og_locale":"it_IT","og_type":"article","og_title":"10 Febbraio alle ore 18 Moda sci a Montecarlo: Bottero Ski sfila allo Stars and Bar - Bottero Ski Blog","og_description":"Non perdere la sfilata dello sci che Bottero Ski presenta marted\u00ec 10 febbraio a partire dalle ore 18 presso lo Star Deck di\u00a0Monaco, in occasione dell&#8217;aperitivo organizzato da Realitalia\u00a0la Societa\u2019 inglese che progetta e promuove le Case per il Piacere di Vivere\u00a0e lo ha fatto a Limone, insieme a Fantino Costruzioni SPA, con 3 splendidi...","og_url":"https:\/\/www.botteroski.com\/blog\/2015\/01\/23\/10-febbraio-alle-ore-18-moda-sci-a-montecarlo-bottero-ski-sfila-allo-stars-and-bar\/","og_site_name":"Bottero Ski Blog","article_publisher":"https:\/\/www.facebook.com\/botteroski\/","article_published_time":"2015-01-23T11:31:49+00:00","article_modified_time":"2020-04-21T09:42:46+00:00","og_image":[{"url":"https:\/\/scontent-a-mxp.xx.fbcdn.net\/hphotos-xfa1\/v\/t1.0-9\/10934003_10152700341511297_3618340009889775576_n.jpg?oh=fd6f3528bee464ac7640bb528667943f&amp;oe=556476CA"}],"twitter_card":"summary_large_image","twitter_misc":{"Scritto da":"Redazione","Tempo di lettura stimato":"1 minuto"},"schema":{"@context":"https:\/\/schema.org","@graph":[{"@type":"WebSite","@id":"https:\/\/www.botteroski.com\/blog\/#website","url":"https:\/\/www.botteroski.com\/blog\/","name":"Bottero Ski Blog","description":"News, curiosit\u00e0 e consigli dal mondo Botteroski!","potentialAction":[{"@type":"SearchAction","target":{"@type":"EntryPoint","urlTemplate":"https:\/\/www.botteroski.com\/blog\/?s={search_term_string}"},"query-input":"required name=search_term_string"}],"inLanguage":"it-IT"},{"@type":"ImageObject","@id":"https:\/\/www.botteroski.com\/blog\/2015\/01\/23\/10-febbraio-alle-ore-18-moda-sci-a-montecarlo-bottero-ski-sfila-allo-stars-and-bar\/#primaryimage","inLanguage":"it-IT","url":"https:\/\/scontent-a-mxp.xx.fbcdn.net\/hphotos-xfa1\/v\/t1.0-9\/10934003_10152700341511297_3618340009889775576_n.jpg?oh=fd6f3528bee464ac7640bb528667943f&amp;oe=556476CA","contentUrl":"https:\/\/scontent-a-mxp.xx.fbcdn.net\/hphotos-xfa1\/v\/t1.0-9\/10934003_10152700341511297_3618340009889775576_n.jpg?oh=fd6f3528bee464ac7640bb528667943f&amp;oe=556476CA"},{"@type":"WebPage","@id":"https:\/\/www.botteroski.com\/blog\/2015\/01\/23\/10-febbraio-alle-ore-18-moda-sci-a-montecarlo-bottero-ski-sfila-allo-stars-and-bar\/#webpage","url":"https:\/\/www.botteroski.com\/blog\/2015\/01\/23\/10-febbraio-alle-ore-18-moda-sci-a-montecarlo-bottero-ski-sfila-allo-stars-and-bar\/","name":"10 Febbraio alle ore 18 Moda sci a Montecarlo: Bottero Ski sfila allo Stars and Bar - Bottero Ski Blog","isPartOf":{"@id":"https:\/\/www.botteroski.com\/blog\/#website"},"primaryImageOfPage":{"@id":"https:\/\/www.botteroski.com\/blog\/2015\/01\/23\/10-febbraio-alle-ore-18-moda-sci-a-montecarlo-bottero-ski-sfila-allo-stars-and-bar\/#primaryimage"},"datePublished":"2015-01-23T11:31:49+00:00","dateModified":"2020-04-21T09:42:46+00:00","author":{"@id":"https:\/\/www.botteroski.com\/blog\/#\/schema\/person\/2fc93067bf592038a7e9d5e3888ac01b"},"breadcrumb":{"@id":"https:\/\/www.botteroski.com\/blog\/2015\/01\/23\/10-febbraio-alle-ore-18-moda-sci-a-montecarlo-bottero-ski-sfila-allo-stars-and-bar\/#breadcrumb"},"inLanguage":"it-IT","potentialAction":[{"@type":"ReadAction","target":["https:\/\/www.botteroski.com\/blog\/2015\/01\/23\/10-febbraio-alle-ore-18-moda-sci-a-montecarlo-bottero-ski-sfila-allo-stars-and-bar\/"]}]},{"@type":"BreadcrumbList","@id":"https:\/\/www.botteroski.com\/blog\/2015\/01\/23\/10-febbraio-alle-ore-18-moda-sci-a-montecarlo-bottero-ski-sfila-allo-stars-and-bar\/#breadcrumb","itemListElement":[{"@type":"ListItem","position":1,"name":"Bottero Ski Blog","item":"https:\/\/www.botteroski.com\/blog\/"},{"@type":"ListItem","position":2,"name":"Bottero Ski Borgo 2000","item":"https:\/\/www.botteroski.com\/blog\/bottero-ski-borgo-2000\/"},{"@type":"ListItem","position":3,"name":"10 Febbraio alle ore 18 Moda sci a Montecarlo: Bottero Ski sfila allo Stars and Bar"}]},{"@type":"Person","@id":"https:\/\/www.botteroski.com\/blog\/#\/schema\/person\/2fc93067bf592038a7e9d5e3888ac01b","name":"Redazione","image":{"@type":"ImageObject","@id":"https:\/\/www.botteroski.com\/blog\/#personlogo","inLanguage":"it-IT","url":"https:\/\/secure.gravatar.com\/avatar\/8a6fa094866616b6f09f982bcb295c0a?s=96&d=wp_user_avatar&r=g","contentUrl":"https:\/\/secure.gravatar.com\/avatar\/8a6fa094866616b6f09f982bcb295c0a?s=96&d=wp_user_avatar&r=g","caption":"Redazione"}}]}},"_links":{"self":[{"href":"https:\/\/www.botteroski.com\/blog\/wp-json\/wp\/v2\/posts\/1707"}],"collection":[{"href":"https:\/\/www.botteroski.com\/blog\/wp-json\/wp\/v2\/posts"}],"about":[{"href":"https:\/\/www.botteroski.com\/blog\/wp-json\/wp\/v2\/types\/post"}],"author":[{"embeddable":true,"href":"https:\/\/www.botteroski.com\/blog\/wp-json\/wp\/v2\/users\/2"}],"replies":[{"embeddable":true,"href":"https:\/\/www.botteroski.com\/blog\/wp-json\/wp\/v2\/comments?post=1707"}],"version-history":[{"count":1,"href":"https:\/\/www.botteroski.com\/blog\/wp-json\/wp\/v2\/posts\/1707\/revisions"}],"predecessor-version":[{"id":21732,"href":"https:\/\/www.botteroski.com\/blog\/wp-json\/wp\/v2\/posts\/1707\/revisions\/21732"}],"wp:attachment":[{"href":"https:\/\/www.botteroski.com\/blog\/wp-json\/wp\/v2\/media?parent=1707"}],"wp:term":[{"taxonomy":"category","embeddable":true,"href":"https:\/\/www.botteroski.com\/blog\/wp-json\/wp\/v2\/categories?post=1707"},{"taxonomy":"post_tag","embeddable":true,"href":"https:\/\/www.botteroski.com\/blog\/wp-json\/wp\/v2\/tags?post=1707"}],"curies":[{"name":"wp","href":"https:\/\/api.w.org\/{rel}","templated":true}]}}